{"id":1543,"date":"2025-01-09T15:33:08","date_gmt":"2025-01-09T15:33:08","guid":{"rendered":"https:\/\/segito-tars.hu\/?p=1543"},"modified":"2025-01-22T20:47:48","modified_gmt":"2025-01-22T20:47:48","slug":"megfoghatatlan-vesztesegek-a-bizalom-es-vedelem-ujraepitese","status":"publish","type":"post","link":"https:\/\/segito-tars.hu\/en\/megfoghatatlan-vesztesegek-a-bizalom-es-vedelem-ujraepitese\/","title":{"rendered":"Megfoghatatlan vesztes\u00e9gek: A bizalom \u00e9s v\u00e9delem \u00fajra\u00e9p\u00edt\u00e9se"},"content":{"rendered":"<figure class=\"wp-block-image size-large\"><img loading=\"lazy\" decoding=\"async\" width=\"1024\" height=\"683\" src=\"https:\/\/segito-tars.hu\/wp-content\/uploads\/2025\/01\/bizalom-elvesztese-1024x683.jpg\" alt=\"bizalom elveszt\u00e9se\" class=\"wp-image-1544\" srcset=\"https:\/\/segito-tars.hu\/wp-content\/uploads\/2025\/01\/bizalom-elvesztese-980x653.jpg 980w, https:\/\/segito-tars.hu\/wp-content\/uploads\/2025\/01\/bizalom-elvesztese-480x320.jpg 480w\" sizes=\"(min-width: 0px) and (max-width: 480px) 480px, (min-width: 481px) and (max-width: 980px) 980px, (min-width: 981px) 1024px, 100vw\" \/><\/figure>\n\n\n\n<p>A vesztes\u00e9g nemcsak a k\u00e9zzelfoghat\u00f3 dolgok elveszt\u00e9s\u00e9ben rejlik, mint a hal\u00e1l, a szak\u00edt\u00e1s vagy a p\u00e9nz\u00fcgyi cs\u0151d. Vannak olyan f\u00e1jdalmas \u00e9lm\u00e9nyek is, melyek nem mindig l\u00e1that\u00f3ak, de \u00e9ppoly m\u00e9ly nyomot hagynak benn\u00fcnk: ilyen a bizalom, a biztons\u00e1g vagy a kontroll elveszt\u00e9se, amelyek vissza\u00e1ll\u00edt\u00e1sa kulcsfontoss\u00e1g\u00fa a gy\u00f3gyul\u00e1sunkhoz.<\/p>\n\n\n\n<p>A k\u00e9zzelfoghat\u00f3 \u00e9s a megfoghatatlan vesztes\u00e9gek egyar\u00e1nt m\u00e9ly f\u00e1jdalmat okoznak, de sokszor a m\u00e1sodik t\u00edpus\u00fa vesztes\u00e9geket nehezebb felismerni \u00e9s feldolgozni. Az ilyen vesztes\u00e9gek, k\u00fcl\u00f6n\u00f6sen a bizalom elveszt\u00e9se, gyakran bels\u0151 k\u00fczdelmeket gener\u00e1lnak, amelyek feldolgoz\u00e1sa elengedhetetlen a lelki eg\u00e9szs\u00e9g\u00fcnk meg\u0151rz\u00e9s\u00e9hez.<\/p>\n\n\n\n<p>Lehet, hogy egy \u00e1lom, ami nem v\u00e1lt val\u00f3ra, egy kapcsolat, ami elhideg\u00fclt, vagy egy karrier, ami megroppant. Tal\u00e1n egy olyan v\u00e1gy maradt beteljes\u00fcletlen, amely eg\u00e9sz \u00e9letedet meghat\u00e1rozta. K\u00e9pzelj el egy olyan n\u0151t, aki gyermeket akart volna, de m\u00e1r tudja, hogy ez nem t\u00f6rt\u00e9nhet meg. Vagy egy olyan n\u0151t, aki sosem ismerte az apj\u00e1t, \u00e9s azon t\u0171n\u0151dik, milyen kapcsolatr\u00f3l maradt le. \u00c9s ott vannak azok is, akik b\u00e1ntalmaz\u00e1st \u00e9ltek \u00e1t, akik \u00e9vekig cipelik a f\u00e1jdalmat \u00e9s az \u00e9rzelmi sebeket. Ezek a vesztes\u00e9gek val\u00f3diak, \u00e9s m\u00e9lt\u00f3ak a figyelemre, az elismer\u00e9sre \u00e9s a t\u00e1mogat\u00e1sra.<\/p>\n\n\n\n<p>A legnehezebb id\u0151szakokban, amikor el\u00e9r benn\u00fcnket a trag\u00e9dia, a bizonytalans\u00e1g vagy a f\u00e9lelem, gyakran \u00fagy \u00e9rezz\u00fck, hogy elvesztett\u00fck a bizalmat, a biztons\u00e1got \u00e9s a kontrollt. Ezek lehetnek szem\u00e9lyes megpr\u00f3b\u00e1ltat\u00e1sok \u2013 mint a cs\u0151d vagy b\u00e1ntalmaz\u00e1s \u2013 ugyan\u00fagy hat\u00e1ssal vannak r\u00e1nk. A t\u00e1rsadalom tal\u00e1n nem ismeri el ezeket a vesztes\u00e9geket gy\u00e1szk\u00e9nt, de a f\u00e1jdalom val\u00f3s, \u00e9s meg\u00e9rdemli, hogy besz\u00e9lj\u00fcnk r\u00f3la.<\/p>\n\n\n\n<h2 class=\"wp-block-heading\">A bizalom \u00fajj\u00e1\u00e9p\u00edt\u00e9se a vesztes\u00e9g ut\u00e1n<\/h2>\n\n\n\n<p>A nem k\u00e9zzelfoghat\u00f3 vesztes\u00e9gek gyakran s\u00falyosan nyomasztj\u00e1k a sz\u00edvet, \u00e9s hat\u00e1ssal lehetnek a boldogs\u00e1gra, az \u00e9letmin\u0151s\u00e9gre. Ne hagyd, hogy elnyomj\u00e1k a lelkedet! Itt az ideje, hogy szemben\u00e9zz a csendes k\u00fczdelmekkel, \u00e9s megengedd magadnak a gy\u00f3gyul\u00e1s \u00fatj\u00e1t. A f\u00e1jdalom elismer\u00e9se az els\u0151 l\u00e9p\u00e9s a bels\u0151 b\u00e9ke fel\u00e9.<\/p>\n\n\n\n<p>A bizalom \u00fajj\u00e1\u00e9p\u00edt\u00e9se \u00e9rdek\u00e9ben fontos, hogy tudatosan foglalkozzunk az \u00e9rzelmeinkkel. Az \u00f6nreflexi\u00f3 \u00e9s a ny\u00edlt kommunik\u00e1ci\u00f3 seg\u00edthet abban, hogy \u00fajra megtal\u00e1ljuk a stabilit\u00e1st az \u00e9let\u00fcnkben.<\/p>\n\n\n\n<p>Minden vesztes\u00e9g \u00e9rdemel figyelmet, legyen az l\u00e1that\u00f3 vagy rejtett. Mert a gy\u00f3gyul\u00e1s akkor kezd\u0151dik, amikor k\u00e9pesek vagyunk elismerni mindazt, amit elvesztett\u00fcnk.<\/p>\n\n\n\n<p>A gy\u00f3gyul\u00e1s nem csak a testi s\u00e9r\u00fcl\u00e9sekr\u0151l sz\u00f3l, hanem a lelkir\u0151l is. Az els\u0151 l\u00e9p\u00e9s pedig az, hogy tiszt\u00e1ban legy\u00fcnk a vesztes\u00e9geinkkel, \u00e9s egy\u00fctt t\u00e1mogassuk egym\u00e1st a gy\u00f3gyul\u00e1s folyamat\u00e1ban.<\/p>\n\n\n\n<p>(Grief Recovery\u00ae)<\/p>\n\n\n\n<p>Fot\u00f3: RDNE Stock project, pexels<\/p>","protected":false},"excerpt":{"rendered":"<p>A vesztes\u00e9g nemcsak a k\u00e9zzelfoghat\u00f3 dolgok elveszt\u00e9s\u00e9ben rejlik, mint a hal\u00e1l, a szak\u00edt\u00e1s vagy a p\u00e9nz\u00fcgyi cs\u0151d. Vannak olyan f\u00e1jdalmas \u00e9lm\u00e9nyek is, melyek nem mindig l\u00e1that\u00f3ak, de \u00e9ppoly m\u00e9ly nyomot hagynak benn\u00fcnk: ilyen a bizalom, a biztons\u00e1g vagy a kontroll elveszt\u00e9se, amelyek vissza\u00e1ll\u00edt\u00e1sa kulcsfontoss\u00e1g\u00fa a gy\u00f3gyul\u00e1sunkhoz. A k\u00e9zzelfoghat\u00f3 \u00e9s a megfoghatatlan vesztes\u00e9gek egyar\u00e1nt m\u00e9ly f\u00e1jdalmat [&hellip;]<\/p>\n","protected":false},"author":1,"featured_media":1544,"comment_status":"open","ping_status":"open","sticky":false,"template":"","format":"standard","meta":{"_et_pb_use_builder":"off","_et_pb_old_content":"","_et_gb_content_width":"","footnotes":""},"categories":[53,6,5,41,16],"tags":[57,34,58,40,49],"class_list":["post-1543","post","type-post","status-publish","format-standard","has-post-thumbnail","hentry","category-blog","category-cikkek","category-gyasz","category-gyaszfeldolgozas","category-parkapcsolati-veszteseg","tag-bizalomvesztes","tag-gyaszfeldolgozas","tag-parkapcsolat","tag-ujrakezdes","tag-veszteseg"],"_links":{"self":[{"href":"https:\/\/segito-tars.hu\/en\/wp-json\/wp\/v2\/posts\/1543","targetHints":{"allow":["GET"]}}],"collection":[{"href":"https:\/\/segito-tars.hu\/en\/wp-json\/wp\/v2\/posts"}],"about":[{"href":"https:\/\/segito-tars.hu\/en\/wp-json\/wp\/v2\/types\/post"}],"author":[{"embeddable":true,"href":"https:\/\/segito-tars.hu\/en\/wp-json\/wp\/v2\/users\/1"}],"replies":[{"embeddable":true,"href":"https:\/\/segito-tars.hu\/en\/wp-json\/wp\/v2\/comments?post=1543"}],"version-history":[{"count":2,"href":"https:\/\/segito-tars.hu\/en\/wp-json\/wp\/v2\/posts\/1543\/revisions"}],"predecessor-version":[{"id":1593,"href":"https:\/\/segito-tars.hu\/en\/wp-json\/wp\/v2\/posts\/1543\/revisions\/1593"}],"wp:featuredmedia":[{"embeddable":true,"href":"https:\/\/segito-tars.hu\/en\/wp-json\/wp\/v2\/media\/1544"}],"wp:attachment":[{"href":"https:\/\/segito-tars.hu\/en\/wp-json\/wp\/v2\/media?parent=1543"}],"wp:term":[{"taxonomy":"category","embeddable":true,"href":"https:\/\/segito-tars.hu\/en\/wp-json\/wp\/v2\/categories?post=1543"},{"taxonomy":"post_tag","embeddable":true,"href":"https:\/\/segito-tars.hu\/en\/wp-json\/wp\/v2\/tags?post=1543"}],"curies":[{"name":"wp","href":"https:\/\/api.w.org\/{rel}","templated":true}]}}