{"id":1510,"date":"2024-12-22T09:30:56","date_gmt":"2024-12-22T09:30:56","guid":{"rendered":"https:\/\/segito-tars.hu\/?p=1510"},"modified":"2024-12-22T09:33:50","modified_gmt":"2024-12-22T09:33:50","slug":"a-megoldatlan-gyasz-jelei","status":"publish","type":"post","link":"https:\/\/segito-tars.hu\/en\/a-megoldatlan-gyasz-jelei\/","title":{"rendered":"A megoldatlan gy\u00e1sz jelei"},"content":{"rendered":"<figure class=\"wp-block-image size-large\"><img loading=\"lazy\" decoding=\"async\" width=\"1024\" height=\"668\" src=\"https:\/\/segito-tars.hu\/wp-content\/uploads\/2024\/12\/468546374_8960112217388093_1679665893690660499_n-1024x668.jpg\" alt=\"\" class=\"wp-image-1511\" srcset=\"https:\/\/segito-tars.hu\/wp-content\/uploads\/2024\/12\/468546374_8960112217388093_1679665893690660499_n-980x639.jpg 980w, https:\/\/segito-tars.hu\/wp-content\/uploads\/2024\/12\/468546374_8960112217388093_1679665893690660499_n-480x313.jpg 480w\" sizes=\"(min-width: 0px) and (max-width: 480px) 480px, (min-width: 481px) and (max-width: 980px) 980px, (min-width: 981px) 1024px, 100vw\" \/><\/figure>\n\n\n\n<h5 class=\"wp-block-heading\">Az al\u00e1bbi bejegyz\u00e9sben \u00f6sszegy\u0171jt\u00f6ttem azokat a jeleket, melyek a megoldatlan, feldolgozatlan gy\u00e1sz mutat\u00f3i. Ha magadra ismersz, \u00e9rdemes belefogni a gy\u00e1szfeldolgoz\u00e1s folyamt\u00e1ba.<\/h5>\n\n\n\n<p><\/p>\n\n\n\n<p>Nincs sz\u00fcks\u00e9ged arra, hogy b\u00e1rki megmondja neked, ha a sz\u00edved \u00f6sszet\u00f6rt. Te is tudod.<\/p>\n\n\n\n<p>&#8211; Lehet, hogy gyakrabban eszel, vagy teljesen elvesz\u00edted az \u00e9tv\u00e1gyad.<\/p>\n\n\n\n<p>&#8211; Lehet, hogy indokolatlanul v\u00e1s\u00e1rolsz. Ma a \u201eNe v\u00e1s\u00e1rolj semmit!\u201d napon is \u00e9rdemes fontol\u00f3ra venni.<\/p>\n\n\n\n<p>&#8211; Lehet, hogy nehezen tudsz koncentr\u00e1lni vagy egyszer\u0171 feladatokra koncentr\u00e1lni.<\/p>\n\n\n\n<p>&#8211; Lehet, hogy t\u00f6bbet alszol a szok\u00e1sosn\u00e1l, vagy egy\u00e1ltal\u00e1n nem tudsz aludni.<\/p>\n\n\n\n<p>&#8211; A mellkasodat feszesnek \u00e9rezheted, vagy mintha a sz\u00edved a gyomrodba s\u00fcllyedt volna.<\/p>\n\n\n\n<p>Id\u0151vel a gy\u00e1sz intenzit\u00e1sa cs\u00f6kkenhet. Lehet, hogy k\u00f6nnyebben tudsz majd m\u0171k\u00f6dni, \u00e9s visszat\u00e9rsz a szok\u00e1sos \u00e9tkez\u00e9si \u00e9s alv\u00e1si szok\u00e1saidhoz. Id\u0151vel egyesek k\u00e9pesek visszat\u00e9rni a szok\u00e1sos rutinjukhoz, de ez nem jelenti azt, hogy kihevert\u00e9k a vesztes\u00e9get.<\/p>\n\n\n\n<p>A feldolgozatlan gy\u00e1sz halmoz\u00f3dik \u00e9s halmozottan negat\u00edv. Hat\u00e1ssal van a jelenlegi \u00e9s a j\u00f6v\u0151beli kapcsolatokra.<\/p>\n\n\n\n<p>Egy jelent\u0151s \u00e9rzelmi vesztes\u00e9g, p\u00e9ld\u00e1ul egy hal\u00e1leset vagy egy romantikus kapcsolat v\u00e9ge ut\u00e1n az emberek megv\u00e1ltoztatj\u00e1k \u00e9letv\u00e1laszt\u00e1saikat, hogy megv\u00e9dj\u00e9k sz\u00edv\u00fcket att\u00f3l, hogy \u00fajra megs\u00e9r\u00fcljenek. Te is csin\u00e1lt\u00e1l m\u00e1r ilyet?<\/p>\n\n\n\n<p>\u00cdme, n\u00e9h\u00e1ny gyakori jelz\u0151je annak, hogy feldolgozatlan gy\u00e1szt \u00e9lsz \u00e1t:<\/p>\n\n\n\n<p>&#8211; Nem vagy hajland\u00f3 besz\u00e9lni a vesztes\u00e9gedr\u0151l?<\/p>\n\n\n\n<p>&#8211; Ker\u00fcl\u00f6d, hogy a meghalt szerettede gondolj, mert a j\u00f3 eml\u00e9kek is f\u00e1jdalmasak?<\/p>\n\n\n\n<p>&#8211; Ker\u00fcl\u00f6d azokat a helyeket vagy esem\u00e9nyeket, amelyek eml\u00e9keztetnek arra, aki meghalt?<\/p>\n\n\n\n<p>&#8211; Csak a pozit\u00edv tulajdons\u00e1gair\u00f3l besz\u00e9lsz, \u00e9s nem vagy hajland\u00f3 elismerni, hogy esetleg voltak negat\u00edv tulajdons\u00e1gai is?<\/p>\n\n\n\n<p>&#8211; Pontosan ugyanazokat a rutinokat tartod be, mint amikor m\u00e9g \u00e9lt, mert f\u00e9lsz, hogy elfelejted \u0151t?<\/p>\n\n\n\n<p>&#8211; Csak a negat\u00edv tulajdons\u00e1gaikr\u00f3l besz\u00e9lsz, mintha soha semmi j\u00f3t nem tett volna?<\/p>\n\n\n\n<p>&#8211; Ker\u00fcl\u00f6d, hogy k\u00f6zel ker\u00fclj az emberekhez? A feldolgozatlan gy\u00e1sz \u00e1ltal\u00e1ban az \u00faj kapcsolatokt\u00f3l val\u00f3 f\u00e9lelem gy\u00f6kere.<\/p>\n\n\n\n<p>Ha azt veszed \u00e9szre, hogy elker\u00fcl\u00f6d a f\u00e1jdalmat okoz\u00f3 gondolatokat, helyzeteket vagy besz\u00e9lget\u00e9seket, az egy jele lehet annak, hogy m\u00e9g nem dolgoztad fel teljesen a vesztes\u00e9gedet. Ne f\u00e9lj szemben\u00e9zni a f\u00e1jdalommal, mert a gy\u00f3gyul\u00e1s kulcsa abban rejlik, hogy elfogadod \u00e9s meg\u00e9led azt.<\/p>\n\n\n\n<p>Eml\u00e9kezz: nem kell \u00f6r\u00f6kre a f\u00e1jdalomban \u00e9lned. Az \u00e9let lehet m\u00e1s, lehet teljesebb, m\u00e9g a vesztes\u00e9g ut\u00e1n is. K\u00e9pzeld el, hogy el\u00e9rheted a bels\u0151 b\u00e9k\u00e9t, \u00e9s \u00fajra nyitott lehetsz a szeretetre \u00e9s a boldogs\u00e1gra. Minden egyes nap egy \u00faj lehet\u0151s\u00e9g a gy\u00f3gyul\u00e1sra \u00e9s a j\u00f6v\u0151 fel\u00e9p\u00edt\u00e9s\u00e9re. Az \u00e9let tov\u00e1bbra is csod\u00e1latos lehet, ha hagyod, hogy a sz\u00edved gy\u00f3gyuljon, \u00e9s b\u00e1tran merj \u00fajra szeretni.<\/p>\n\n\n\n<p>(Grief Recovery\u00ae)<\/p>","protected":false},"excerpt":{"rendered":"<p>Az al\u00e1bbi bejegyz\u00e9sben \u00f6sszegy\u0171jt\u00f6ttem azokat a jeleket, melyek a megoldatlan, feldolgozatlan gy\u00e1sz mutat\u00f3i. Ha magadra ismersz, \u00e9rdemes belefogni a gy\u00e1szfeldolgoz\u00e1s folyamt\u00e1ba. Nincs sz\u00fcks\u00e9ged arra, hogy b\u00e1rki megmondja neked, ha a sz\u00edved \u00f6sszet\u00f6rt. Te is tudod. &#8211; Lehet, hogy gyakrabban eszel, vagy teljesen elvesz\u00edted az \u00e9tv\u00e1gyad. &#8211; Lehet, hogy indokolatlanul v\u00e1s\u00e1rolsz. Ma a \u201eNe v\u00e1s\u00e1rolj semmit!\u201d [&hellip;]<\/p>\n","protected":false},"author":1,"featured_media":1512,"comment_status":"open","ping_status":"open","sticky":false,"template":"","format":"standard","meta":{"_et_pb_use_builder":"off","_et_pb_old_content":"","_et_gb_content_width":"","footnotes":""},"categories":[6,5],"tags":[31,34,47],"class_list":["post-1510","post","type-post","status-publish","format-standard","has-post-thumbnail","hentry","category-cikkek","category-gyasz","tag-gyasz","tag-gyaszfeldolgozas","tag-tunetek"],"_links":{"self":[{"href":"https:\/\/segito-tars.hu\/en\/wp-json\/wp\/v2\/posts\/1510","targetHints":{"allow":["GET"]}}],"collection":[{"href":"https:\/\/segito-tars.hu\/en\/wp-json\/wp\/v2\/posts"}],"about":[{"href":"https:\/\/segito-tars.hu\/en\/wp-json\/wp\/v2\/types\/post"}],"author":[{"embeddable":true,"href":"https:\/\/segito-tars.hu\/en\/wp-json\/wp\/v2\/users\/1"}],"replies":[{"embeddable":true,"href":"https:\/\/segito-tars.hu\/en\/wp-json\/wp\/v2\/comments?post=1510"}],"version-history":[{"count":1,"href":"https:\/\/segito-tars.hu\/en\/wp-json\/wp\/v2\/posts\/1510\/revisions"}],"predecessor-version":[{"id":1513,"href":"https:\/\/segito-tars.hu\/en\/wp-json\/wp\/v2\/posts\/1510\/revisions\/1513"}],"wp:featuredmedia":[{"embeddable":true,"href":"https:\/\/segito-tars.hu\/en\/wp-json\/wp\/v2\/media\/1512"}],"wp:attachment":[{"href":"https:\/\/segito-tars.hu\/en\/wp-json\/wp\/v2\/media?parent=1510"}],"wp:term":[{"taxonomy":"category","embeddable":true,"href":"https:\/\/segito-tars.hu\/en\/wp-json\/wp\/v2\/categories?post=1510"},{"taxonomy":"post_tag","embeddable":true,"href":"https:\/\/segito-tars.hu\/en\/wp-json\/wp\/v2\/tags?post=1510"}],"curies":[{"name":"wp","href":"https:\/\/api.w.org\/{rel}","templated":true}]}}